{"id":41932,"date":"2018-02-09T19:29:02","date_gmt":"2018-02-09T19:29:02","guid":{"rendered":"http:\/\/trekmedics.org\/sin-categorizar\/5-preguntas-a-un-bombero-de-manzanillo\/"},"modified":"2022-10-19T14:06:43","modified_gmt":"2022-10-19T14:06:43","slug":"5-preguntas-a-un-bombero-de-manzanillo","status":"publish","type":"post","link":"https:\/\/trekmedics.org\/es\/republica-dominicana\/5-preguntas-a-un-bombero-de-manzanillo\/","title":{"rendered":"5 Preguntas a un Bombero de Manzanillo"},"content":{"rendered":"<div  class=\"tpgb-section tpgb-block-dc3daf       \" data-id=\"dc3daf\"   ><div class=\"tpgb-section-wrap  tpgb-container\">\n<div class=\"tpgb-column tpgb-block-4104b4  tpgb-md-col-25 tpgb-sm-col-25 tpgb-xs-col-100\"  data-id=\"4104b4\"  ><div class=\"tpgb-column-wrap\"><div class=\"tpgb-column-inner\">\n\n<h6 class=\"wp-block-heading\" style=\"margin-top:0px;margin-right:0px;margin-bottom:0px;margin-left:0px\">Afiliaci\u00f3n<\/h6>\n\n<\/div><\/div><style>.tpgb-block-4104b4 > .tpgb-column-wrap > .tpgb-column-inner{text-align:center}<\/style><\/div>\n\n<div class=\"tpgb-column tpgb-block-e018bc  tpgb-md-col-25 tpgb-sm-col-25 tpgb-xs-col-100\"  data-id=\"e018bc\"  ><div class=\"tpgb-column-wrap\"><div class=\"tpgb-column-inner\">\n\n<figure class=\"wp-block-image size-full is-resized\"><a href=\"https:\/\/www.facebook.com\/profile.php?id=100009191367044\" target=\"_blank\" rel=\"noreferrer noopener\"><img decoding=\"async\" src=\"https:\/\/trekmedics.org\/wp-content\/uploads\/2022\/07\/bomberos_do_logo-1.webp\" alt=\"\" class=\"wp-image-36004\" width=\"79\" height=\"80\" srcset=\"https:\/\/trekmedics.org\/wp-content\/uploads\/2022\/07\/bomberos_do_logo-1.webp 573w, https:\/\/trekmedics.org\/wp-content\/uploads\/2022\/07\/bomberos_do_logo-1-294x300.webp 294w, https:\/\/trekmedics.org\/wp-content\/uploads\/2022\/07\/bomberos_do_logo-1-150x150.webp 150w, https:\/\/trekmedics.org\/wp-content\/uploads\/2022\/07\/bomberos_do_logo-1-700x700.webp 700w\" sizes=\"(max-width: 79px) 100vw, 79px\" \/><\/a><\/figure>\n\n<\/div><\/div><style>.tpgb-block-e018bc > .tpgb-column-wrap > .tpgb-column-inner{text-align:center}<\/style><\/div>\n\n<div class=\"tpgb-column tpgb-block-731138  tpgb-md-col-25 tpgb-sm-col-25 tpgb-xs-col-100\"  data-id=\"731138\"  ><div class=\"tpgb-column-wrap\"><div class=\"tpgb-column-inner\"><\/div><\/div><style>.tpgb-block-731138 > .tpgb-column-wrap > .tpgb-column-inner{text-align:center}<\/style><\/div>\n\n<div class=\"tpgb-column tpgb-block-912531  tpgb-md-col-25 tpgb-sm-col-25 tpgb-xs-col-100\"  data-id=\"912531\"  ><div class=\"tpgb-column-wrap\"><div class=\"tpgb-column-inner\"><\/div><\/div><style>.tpgb-block-912531 > .tpgb-column-wrap > .tpgb-column-inner{text-align:center}<\/style><\/div>\n<\/div><\/div>\n<h5 class=\"wp-block-heading\"><a href=\"https:\/\/www.trekmedics.org\/programs\/dr\/esp\/\">Manzanillo, Rep\u00fablica Dominicana<\/a><\/h5>\n<div class=\"tpgb-empty-space tpgb-block-9051a0 \"><\/div>\n<p class=\"uagb-heading-text\">Ronand N\u00fa\u00f1ez Susana luce a simple vista como un joven m\u00e1s, pero no lo es, durante 2017 fue el primer respondiente m\u00e1s activo de los bomberos de Manzanillo-Pepillo Salcedo en la provincia de Monte Cristi, Rep\u00fablica Dominicana. Celebramos su entrega y queremos que conozca m\u00e1s de \u00e9l a trav\u00e9s de estas 5 preguntas.<\/p>\n\n<p class=\"uagb-heading-text\"><strong><strong>\u00bfQu\u00e9 te motiv\u00f3 a ser bombero?<\/strong><\/strong><\/p>\n\n<p>Desde peque\u00f1o me llamaba mucho la atenci\u00f3n el buen trabajo que realizan los Bomberos, me gustaba ver como ellos actuaban durante un incendio y como rescataban a las personas. un d\u00eda escuche que quer\u00edan crear un equipo de primer auxilio b\u00e1sico el cual estaba avalado por el Cuerpo de Bomberos de Manzanillo, esto me llamo mucho la atenci\u00f3n porque sab\u00eda que mi comunidad necesitaba un proyecto como este y adem\u00e1s de que me gustaba la idea, me anime a ser parte de este grupo. En el transcurso de los d\u00edas me fue gustando m\u00e1s de lo que realmente pensaba y decid\u00ed ser parte del Cuerpo de Bomberos para apoyar con m\u00e1s de mi tiempo y compromiso.<\/p>\n\n<p><strong>\u00bfCu\u00e1les son tus mayores retos como bombero?<\/strong><\/p>\n\n<p>Uno de mis mayores retos es llegar a tiempo al lugar del incidente, poder ayudar a las personas y detener el fuego para que no siga ocasionando da\u00f1os. Como l\u00edder que soy para m\u00ed tambi\u00e9n es un reto motivar y ense\u00f1arles de mis conocimientos a mis compa\u00f1eros y a otras personas que est\u00e9n interesadas en ser parte de nuestro equipo<\/p>\n\n<p><strong>\u00bfAlguna vez has tenido miedo cuando vas a un llamado?<\/strong><\/p>\n\n<p>S\u00ed, siempre que voy a un llamado al principio me atemorizo un poco pero luego se me calma, cuando no tengo idea de lo que voy a enfrentarme me preocupa m\u00e1s pero Gracias al Coronel. Ram\u00f3n Soriano lo cual me ha sido mi mentor, he aprendido a controlar mis miedos, cada vez que me atemorizo intento no reflejarlo para poder calmar la situaci\u00f3n y dar lo mejor de mi.<\/p>\n\n<p><strong>\u00bfEn qu\u00e9 piensas generalmente cuando vas camino a un incidente?<\/strong><\/p>\n\n<p>Durante el transcurso a una emergencia siempre y cuando se a lo que voy a enfrentarme voy formulando algunas ideas de lo que tengo que hacer a la llegada tales como cuales herramientas vamos a utilizar, que voy a necesitar, como vamos actuar, etc, esto me hace sentir mucho confiado en obtener los mejores resultados con cada acci\u00f3n.<\/p>\n\n<p><strong>\u00bfLe recomendar\u00edas a otros hacer lo mismo que t\u00fa, ser bomberos?<\/strong><\/p>\n\n<p>Si, es la mejor recomendaci\u00f3n que se le puedo dar a un joven, ya que nuestra sociedad necesita personas serviciales con deseo de ayudar a los dem\u00e1s, el ser Bombero te ayuda a obtener conocimientos que salvan vidas, y puedes ser un h\u00e9roe y una persona que impacta la sociedad.<\/p>\n\n<div style=\"height:50px\" aria-hidden=\"true\" class=\"wp-block-spacer\"><\/div>\n\n<h2 class=\"wp-block-heading\" id=\"fancy-title-6\">5 preguntas para un bombero de Manzanillo<\/h2>\n\n<p>Ronand N\u00fa\u00f1ez Susana puede parecer a primera vista como cualquier otro joven adulto, pero no lo es: en 2017 fue el m\u00e1s activo de los primeros auxilios de los bomberos voluntarios de Manzanillo-Pepillo Salcedo, con sede en la provincia de Monte Cristi, Rep\u00fablica Dominicana. Para celebrar este logro nos sentamos con \u00e9l para saber m\u00e1s sobre su papel como bombero voluntario.<\/p>\n\n<p><strong>\u00bfCu\u00e1l fue su motivaci\u00f3n para convertirse en bombero?<\/strong><\/p>\n\n<p>Desde peque\u00f1o tambi\u00e9n me intrigaba el trabajo de los bomberos: me gustaba ver c\u00f3mo actuaban durante los incendios y c\u00f3mo rescataban a la gente. Entonces un d\u00eda escuch\u00e9 que quer\u00edan formar un equipo de primeros auxilios a trav\u00e9s del departamento de bomberos de Manzanillo y eso realmente me llam\u00f3 la atenci\u00f3n porque sab\u00eda que mi comunidad necesitaba algo as\u00ed, as\u00ed que me motiv\u00f3 a formar parte del grupo. A medida que pasaba el tiempo trabajando como primer interviniente, me di cuenta de que estaba disfrutando m\u00e1s de lo que esperaba, as\u00ed que decid\u00ed ser voluntario como bombero y apoyar su trabajo con m\u00e1s tiempo y compromiso.<\/p>\n\n<p><strong>\u00bfCu\u00e1les son sus mayores retos como bombero?<\/strong><\/p>\n\n<p>Uno de los mayores retos es llegar a tiempo al lugar del siniestro, poder ayudar a las v\u00edctimas y detener el fuego antes de que cause m\u00e1s da\u00f1os. Ahora, como uno de los l\u00edderes, tambi\u00e9n es un reto motivar y ense\u00f1ar a mi equipo y a otras personas que est\u00e1n interesadas en unirse a nuestro departamento.<\/p>\n\n<p><strong>\u00bfAlguna vez ha tenido miedo al responder a una emergencia?<\/strong><\/p>\n\n<p>S\u00ed, cada vez que respondo a una llamada hay un poco de miedo al principio, pero luego te calmas. Cuando no tengo ni idea de lo que me espera, puedo llegar a preocuparme m\u00e1s, pero gracias al coronel Ram\u00f3n Soriano, que ha sido mi mentor, he aprendido a controlar mis miedos; cada vez que me pongo nervioso intento no pensar en ello para poder calmar la situaci\u00f3n y dar lo mejor que llevo dentro.<\/p>\n\n<p><strong>\u00bfEn qu\u00e9 piensas, en general, cuando vas de camino a un incidente?<\/strong><\/p>\n\n<p>Durante las emergencias, cuando tengo una buena idea de a qu\u00e9 estamos respondiendo, estoy formulando en mi mente lo que tendr\u00e9 que hacer al llegar, como qu\u00e9 equipo tendremos que usar, qu\u00e9 m\u00e1s podr\u00eda necesitar, c\u00f3mo manejaremos la situaci\u00f3n, etc. Esto me hace sentir mucho m\u00e1s seguro de obtener los mejores resultados de cada acci\u00f3n.<\/p>\n\n<p><strong>\u00bfRecomendar\u00edas a otros que fueran bomberos?<\/strong><\/p>\n\n<p>S\u00ed, es la mejor recomendaci\u00f3n que podr\u00eda hacer a un joven adulto, sobre todo porque nuestro pa\u00eds necesita gente con ganas de servir y ayudar a los dem\u00e1s. Ser bombero te ayuda a adquirir conocimientos, a salvar vidas, y puedes ser un h\u00e9roe y una persona con impacto en tu comunidad.<\/p>\n","protected":false},"excerpt":{"rendered":"<p>Manzanillo, Rep\u00fablica Dominicana Ronand N\u00fa\u00f1ez Susana luce a simple vista como un joven m\u00e1s, pero no lo es, durante 2017 &hellip;<\/p>\n<p class=\"read-more\"> <a class=\"\" href=\"https:\/\/trekmedics.org\/es\/republica-dominicana\/5-preguntas-a-un-bombero-de-manzanillo\/\"> <span class=\"screen-reader-text\">5 Preguntas a un Bombero de Manzanillo<\/span> Leer m\u00e1s \u00bb<\/a><\/p>\n","protected":false},"author":3,"featured_media":40003,"comment_status":"open","ping_status":"closed","sticky":false,"template":"","format":"standard","meta":{"tpgb_global_settings":"","_uag_custom_page_level_css":"","site-sidebar-layout":"default","site-content-layout":"","ast-site-content-layout":"","site-content-style":"default","site-sidebar-style":"default","ast-global-header-display":"","ast-banner-title-visibility":"","ast-main-header-display":"","ast-hfb-above-header-display":"","ast-hfb-below-header-display":"","ast-hfb-mobile-header-display":"","site-post-title":"","ast-breadcrumbs-content":"","ast-featured-img":"","footer-sml-layout":"","theme-transparent-header-meta":"","adv-header-id-meta":"","stick-header-meta":"","header-above-stick-meta":"","header-main-stick-meta":"","header-below-stick-meta":"","astra-migrate-meta-layouts":"","ast-page-background-enabled":"default","ast-page-background-meta":{"desktop":{"background-color":"var(--ast-global-color-4)","background-image":"","background-repeat":"repeat","background-position":"center center","background-size":"auto","background-attachment":"scroll","background-type":"","background-media":"","overlay-type":"","overlay-color":"","overlay-gradient":""},"tablet":{"background-color":"","background-image":"","background-repeat":"repeat","background-position":"center center","background-size":"auto","background-attachment":"scroll","background-type":"","background-media":"","overlay-type":"","overlay-color":"","overlay-gradient":""},"mobile":{"background-color":"","background-image":"","background-repeat":"repeat","background-position":"center center","background-size":"auto","background-attachment":"scroll","background-type":"","background-media":"","overlay-type":"","overlay-color":"","overlay-gradient":""}},"ast-content-background-meta":{"desktop":{"background-color":"var(--ast-global-color-5)","background-image":"","background-repeat":"repeat","background-position":"center center","background-size":"auto","background-attachment":"scroll","background-type":"","background-media":"","overlay-type":"","overlay-color":"","overlay-gradient":""},"tablet":{"background-color":"var(--ast-global-color-5)","background-image":"","background-repeat":"repeat","background-position":"center center","background-size":"auto","background-attachment":"scroll","background-type":"","background-media":"","overlay-type":"","overlay-color":"","overlay-gradient":""},"mobile":{"background-color":"var(--ast-global-color-5)","background-image":"","background-repeat":"repeat","background-position":"center center","background-size":"auto","background-attachment":"scroll","background-type":"","background-media":"","overlay-type":"","overlay-color":"","overlay-gradient":""}},"footnotes":""},"categories":[116,184,117,115],"tags":[],"class_list":["post-41932","post","type-post","status-publish","format-standard","has-post-thumbnail","hentry","category-bomberos-de-manzanillo-es","category-fuego","category-perfiles-de-emergencia","category-republica-dominicana"],"yoast_head":"<!-- This site is optimized with the Yoast SEO plugin v27.4 - https:\/\/yoast.com\/product\/yoast-seo-wordpress\/ -->\n<title>5 Preguntas a un Bombero de Manzanillo - Trek Medics International<\/title>\n<meta name=\"robots\" content=\"index, follow, max-snippet:-1, max-image-preview:large, max-video-preview:-1\" \/>\n<link rel=\"canonical\" href=\"https:\/\/trekmedics.org\/es\/republica-dominicana\/5-preguntas-a-un-bombero-de-manzanillo\/\" \/>\n<meta property=\"og:locale\" content=\"es_ES\" \/>\n<meta property=\"og:type\" content=\"article\" \/>\n<meta property=\"og:title\" content=\"5 Preguntas a un Bombero de Manzanillo - Trek Medics International\" \/>\n<meta property=\"og:description\" content=\"Manzanillo, Rep\u00fablica Dominicana Ronand N\u00fa\u00f1ez Susana luce a simple vista como un joven m\u00e1s, pero no lo es, durante 2017 &hellip; 5 Preguntas a un Bombero de Manzanillo Leer m\u00e1s \u00bb\" \/>\n<meta property=\"og:url\" content=\"https:\/\/trekmedics.org\/es\/republica-dominicana\/5-preguntas-a-un-bombero-de-manzanillo\/\" \/>\n<meta property=\"og:site_name\" content=\"Trek Medics International\" \/>\n<meta property=\"article:published_time\" content=\"2018-02-09T19:29:02+00:00\" \/>\n<meta property=\"article:modified_time\" content=\"2022-10-19T14:06:43+00:00\" \/>\n<meta property=\"og:image\" content=\"https:\/\/trekmedics.org\/wp-content\/uploads\/2018\/02\/ronand-5-preguntas-a-un-bombero_do_img-1.jpeg\" \/>\n\t<meta property=\"og:image:width\" content=\"1161\" \/>\n\t<meta property=\"og:image:height\" content=\"1161\" \/>\n\t<meta property=\"og:image:type\" content=\"image\/jpeg\" \/>\n<meta name=\"author\" content=\"jfriesen\" \/>\n<meta name=\"twitter:card\" content=\"summary_large_image\" \/>\n<meta name=\"twitter:label1\" content=\"Escrito por\" \/>\n\t<meta name=\"twitter:data1\" content=\"jfriesen\" \/>\n\t<meta name=\"twitter:label2\" content=\"Tiempo de lectura\" \/>\n\t<meta name=\"twitter:data2\" content=\"5 minutos\" \/>\n<script type=\"application\/ld+json\" class=\"yoast-schema-graph\">{\"@context\":\"https:\\\/\\\/schema.org\",\"@graph\":[{\"@type\":\"Article\",\"@id\":\"https:\\\/\\\/trekmedics.org\\\/es\\\/republica-dominicana\\\/5-preguntas-a-un-bombero-de-manzanillo\\\/#article\",\"isPartOf\":{\"@id\":\"https:\\\/\\\/trekmedics.org\\\/es\\\/republica-dominicana\\\/5-preguntas-a-un-bombero-de-manzanillo\\\/\"},\"author\":{\"name\":\"jfriesen\",\"@id\":\"https:\\\/\\\/trekmedics.org\\\/es\\\/#\\\/schema\\\/person\\\/f6e5e27a6ed153aed4a958213e41a1db\"},\"headline\":\"5 Preguntas a un Bombero de Manzanillo\",\"datePublished\":\"2018-02-09T19:29:02+00:00\",\"dateModified\":\"2022-10-19T14:06:43+00:00\",\"mainEntityOfPage\":{\"@id\":\"https:\\\/\\\/trekmedics.org\\\/es\\\/republica-dominicana\\\/5-preguntas-a-un-bombero-de-manzanillo\\\/\"},\"wordCount\":983,\"commentCount\":0,\"publisher\":{\"@id\":\"https:\\\/\\\/trekmedics.org\\\/es\\\/#organization\"},\"image\":{\"@id\":\"https:\\\/\\\/trekmedics.org\\\/es\\\/republica-dominicana\\\/5-preguntas-a-un-bombero-de-manzanillo\\\/#primaryimage\"},\"thumbnailUrl\":\"https:\\\/\\\/trekmedics.org\\\/wp-content\\\/uploads\\\/2018\\\/02\\\/ronand-5-preguntas-a-un-bombero_do_img-1.jpeg\",\"articleSection\":[\"Bomberos de Manzanillo\",\"Fuego\",\"Perfiles de emergencia\",\"Rep\u00fablica Dominicana\"],\"inLanguage\":\"es\"},{\"@type\":\"WebPage\",\"@id\":\"https:\\\/\\\/trekmedics.org\\\/es\\\/republica-dominicana\\\/5-preguntas-a-un-bombero-de-manzanillo\\\/\",\"url\":\"https:\\\/\\\/trekmedics.org\\\/es\\\/republica-dominicana\\\/5-preguntas-a-un-bombero-de-manzanillo\\\/\",\"name\":\"5 Preguntas a un Bombero de Manzanillo - Trek Medics International\",\"isPartOf\":{\"@id\":\"https:\\\/\\\/trekmedics.org\\\/es\\\/#website\"},\"primaryImageOfPage\":{\"@id\":\"https:\\\/\\\/trekmedics.org\\\/es\\\/republica-dominicana\\\/5-preguntas-a-un-bombero-de-manzanillo\\\/#primaryimage\"},\"image\":{\"@id\":\"https:\\\/\\\/trekmedics.org\\\/es\\\/republica-dominicana\\\/5-preguntas-a-un-bombero-de-manzanillo\\\/#primaryimage\"},\"thumbnailUrl\":\"https:\\\/\\\/trekmedics.org\\\/wp-content\\\/uploads\\\/2018\\\/02\\\/ronand-5-preguntas-a-un-bombero_do_img-1.jpeg\",\"datePublished\":\"2018-02-09T19:29:02+00:00\",\"dateModified\":\"2022-10-19T14:06:43+00:00\",\"breadcrumb\":{\"@id\":\"https:\\\/\\\/trekmedics.org\\\/es\\\/republica-dominicana\\\/5-preguntas-a-un-bombero-de-manzanillo\\\/#breadcrumb\"},\"inLanguage\":\"es\",\"potentialAction\":[{\"@type\":\"ReadAction\",\"target\":[\"https:\\\/\\\/trekmedics.org\\\/es\\\/republica-dominicana\\\/5-preguntas-a-un-bombero-de-manzanillo\\\/\"]}]},{\"@type\":\"ImageObject\",\"inLanguage\":\"es\",\"@id\":\"https:\\\/\\\/trekmedics.org\\\/es\\\/republica-dominicana\\\/5-preguntas-a-un-bombero-de-manzanillo\\\/#primaryimage\",\"url\":\"https:\\\/\\\/trekmedics.org\\\/wp-content\\\/uploads\\\/2018\\\/02\\\/ronand-5-preguntas-a-un-bombero_do_img-1.jpeg\",\"contentUrl\":\"https:\\\/\\\/trekmedics.org\\\/wp-content\\\/uploads\\\/2018\\\/02\\\/ronand-5-preguntas-a-un-bombero_do_img-1.jpeg\",\"width\":1161,\"height\":1161,\"caption\":\"\"},{\"@type\":\"BreadcrumbList\",\"@id\":\"https:\\\/\\\/trekmedics.org\\\/es\\\/republica-dominicana\\\/5-preguntas-a-un-bombero-de-manzanillo\\\/#breadcrumb\",\"itemListElement\":[{\"@type\":\"ListItem\",\"position\":1,\"name\":\"Home\",\"item\":\"https:\\\/\\\/trekmedics.org\\\/es\\\/\"},{\"@type\":\"ListItem\",\"position\":2,\"name\":\"5 Preguntas a un Bombero de Manzanillo\"}]},{\"@type\":\"WebSite\",\"@id\":\"https:\\\/\\\/trekmedics.org\\\/es\\\/#website\",\"url\":\"https:\\\/\\\/trekmedics.org\\\/es\\\/\",\"name\":\"Trek Medics International\",\"description\":\"Dedicated to Improving Emergency Medical Systems Worldwide\",\"publisher\":{\"@id\":\"https:\\\/\\\/trekmedics.org\\\/es\\\/#organization\"},\"potentialAction\":[{\"@type\":\"SearchAction\",\"target\":{\"@type\":\"EntryPoint\",\"urlTemplate\":\"https:\\\/\\\/trekmedics.org\\\/es\\\/?s={search_term_string}\"},\"query-input\":{\"@type\":\"PropertyValueSpecification\",\"valueRequired\":true,\"valueName\":\"search_term_string\"}}],\"inLanguage\":\"es\"},{\"@type\":\"Organization\",\"@id\":\"https:\\\/\\\/trekmedics.org\\\/es\\\/#organization\",\"name\":\"Trek Medics International\",\"url\":\"https:\\\/\\\/trekmedics.org\\\/es\\\/\",\"logo\":{\"@type\":\"ImageObject\",\"inLanguage\":\"es\",\"@id\":\"https:\\\/\\\/trekmedics.org\\\/es\\\/#\\\/schema\\\/logo\\\/image\\\/\",\"url\":\"https:\\\/\\\/trekmedics.org\\\/wp-content\\\/uploads\\\/2021\\\/04\\\/cropped-cropped-trek-medics-520_logo.png\",\"contentUrl\":\"https:\\\/\\\/trekmedics.org\\\/wp-content\\\/uploads\\\/2021\\\/04\\\/cropped-cropped-trek-medics-520_logo.png\",\"width\":520,\"height\":520,\"caption\":\"Trek Medics International\"},\"image\":{\"@id\":\"https:\\\/\\\/trekmedics.org\\\/es\\\/#\\\/schema\\\/logo\\\/image\\\/\"}},{\"@type\":\"Person\",\"@id\":\"https:\\\/\\\/trekmedics.org\\\/es\\\/#\\\/schema\\\/person\\\/f6e5e27a6ed153aed4a958213e41a1db\",\"name\":\"jfriesen\",\"image\":{\"@type\":\"ImageObject\",\"inLanguage\":\"es\",\"@id\":\"https:\\\/\\\/secure.gravatar.com\\\/avatar\\\/34201212dd85d95ffc0ad06e1e44ed35eadd3dd9aa218724e8fb9b6cb9f49041?s=96&d=mm&r=g\",\"url\":\"https:\\\/\\\/secure.gravatar.com\\\/avatar\\\/34201212dd85d95ffc0ad06e1e44ed35eadd3dd9aa218724e8fb9b6cb9f49041?s=96&d=mm&r=g\",\"contentUrl\":\"https:\\\/\\\/secure.gravatar.com\\\/avatar\\\/34201212dd85d95ffc0ad06e1e44ed35eadd3dd9aa218724e8fb9b6cb9f49041?s=96&d=mm&r=g\",\"caption\":\"jfriesen\"},\"url\":\"https:\\\/\\\/trekmedics.org\\\/es\\\/author\\\/jfriesen\\\/\"}]}<\/script>\n<!-- \/ Yoast SEO plugin. -->","yoast_head_json":{"title":"5 Preguntas a un Bombero de Manzanillo - Trek Medics International","robots":{"index":"index","follow":"follow","max-snippet":"max-snippet:-1","max-image-preview":"max-image-preview:large","max-video-preview":"max-video-preview:-1"},"canonical":"https:\/\/trekmedics.org\/es\/republica-dominicana\/5-preguntas-a-un-bombero-de-manzanillo\/","og_locale":"es_ES","og_type":"article","og_title":"5 Preguntas a un Bombero de Manzanillo - Trek Medics International","og_description":"Manzanillo, Rep\u00fablica Dominicana Ronand N\u00fa\u00f1ez Susana luce a simple vista como un joven m\u00e1s, pero no lo es, durante 2017 &hellip; 5 Preguntas a un Bombero de Manzanillo Leer m\u00e1s \u00bb","og_url":"https:\/\/trekmedics.org\/es\/republica-dominicana\/5-preguntas-a-un-bombero-de-manzanillo\/","og_site_name":"Trek Medics International","article_published_time":"2018-02-09T19:29:02+00:00","article_modified_time":"2022-10-19T14:06:43+00:00","og_image":[{"width":1161,"height":1161,"url":"https:\/\/trekmedics.org\/wp-content\/uploads\/2018\/02\/ronand-5-preguntas-a-un-bombero_do_img-1.jpeg","type":"image\/jpeg"}],"author":"jfriesen","twitter_card":"summary_large_image","twitter_misc":{"Escrito por":"jfriesen","Tiempo de lectura":"5 minutos"},"schema":{"@context":"https:\/\/schema.org","@graph":[{"@type":"Article","@id":"https:\/\/trekmedics.org\/es\/republica-dominicana\/5-preguntas-a-un-bombero-de-manzanillo\/#article","isPartOf":{"@id":"https:\/\/trekmedics.org\/es\/republica-dominicana\/5-preguntas-a-un-bombero-de-manzanillo\/"},"author":{"name":"jfriesen","@id":"https:\/\/trekmedics.org\/es\/#\/schema\/person\/f6e5e27a6ed153aed4a958213e41a1db"},"headline":"5 Preguntas a un Bombero de Manzanillo","datePublished":"2018-02-09T19:29:02+00:00","dateModified":"2022-10-19T14:06:43+00:00","mainEntityOfPage":{"@id":"https:\/\/trekmedics.org\/es\/republica-dominicana\/5-preguntas-a-un-bombero-de-manzanillo\/"},"wordCount":983,"commentCount":0,"publisher":{"@id":"https:\/\/trekmedics.org\/es\/#organization"},"image":{"@id":"https:\/\/trekmedics.org\/es\/republica-dominicana\/5-preguntas-a-un-bombero-de-manzanillo\/#primaryimage"},"thumbnailUrl":"https:\/\/trekmedics.org\/wp-content\/uploads\/2018\/02\/ronand-5-preguntas-a-un-bombero_do_img-1.jpeg","articleSection":["Bomberos de Manzanillo","Fuego","Perfiles de emergencia","Rep\u00fablica Dominicana"],"inLanguage":"es"},{"@type":"WebPage","@id":"https:\/\/trekmedics.org\/es\/republica-dominicana\/5-preguntas-a-un-bombero-de-manzanillo\/","url":"https:\/\/trekmedics.org\/es\/republica-dominicana\/5-preguntas-a-un-bombero-de-manzanillo\/","name":"5 Preguntas a un Bombero de Manzanillo - Trek Medics International","isPartOf":{"@id":"https:\/\/trekmedics.org\/es\/#website"},"primaryImageOfPage":{"@id":"https:\/\/trekmedics.org\/es\/republica-dominicana\/5-preguntas-a-un-bombero-de-manzanillo\/#primaryimage"},"image":{"@id":"https:\/\/trekmedics.org\/es\/republica-dominicana\/5-preguntas-a-un-bombero-de-manzanillo\/#primaryimage"},"thumbnailUrl":"https:\/\/trekmedics.org\/wp-content\/uploads\/2018\/02\/ronand-5-preguntas-a-un-bombero_do_img-1.jpeg","datePublished":"2018-02-09T19:29:02+00:00","dateModified":"2022-10-19T14:06:43+00:00","breadcrumb":{"@id":"https:\/\/trekmedics.org\/es\/republica-dominicana\/5-preguntas-a-un-bombero-de-manzanillo\/#breadcrumb"},"inLanguage":"es","potentialAction":[{"@type":"ReadAction","target":["https:\/\/trekmedics.org\/es\/republica-dominicana\/5-preguntas-a-un-bombero-de-manzanillo\/"]}]},{"@type":"ImageObject","inLanguage":"es","@id":"https:\/\/trekmedics.org\/es\/republica-dominicana\/5-preguntas-a-un-bombero-de-manzanillo\/#primaryimage","url":"https:\/\/trekmedics.org\/wp-content\/uploads\/2018\/02\/ronand-5-preguntas-a-un-bombero_do_img-1.jpeg","contentUrl":"https:\/\/trekmedics.org\/wp-content\/uploads\/2018\/02\/ronand-5-preguntas-a-un-bombero_do_img-1.jpeg","width":1161,"height":1161,"caption":""},{"@type":"BreadcrumbList","@id":"https:\/\/trekmedics.org\/es\/republica-dominicana\/5-preguntas-a-un-bombero-de-manzanillo\/#breadcrumb","itemListElement":[{"@type":"ListItem","position":1,"name":"Home","item":"https:\/\/trekmedics.org\/es\/"},{"@type":"ListItem","position":2,"name":"5 Preguntas a un Bombero de Manzanillo"}]},{"@type":"WebSite","@id":"https:\/\/trekmedics.org\/es\/#website","url":"https:\/\/trekmedics.org\/es\/","name":"Trek Medics International","description":"Dedicated to Improving Emergency Medical Systems Worldwide","publisher":{"@id":"https:\/\/trekmedics.org\/es\/#organization"},"potentialAction":[{"@type":"SearchAction","target":{"@type":"EntryPoint","urlTemplate":"https:\/\/trekmedics.org\/es\/?s={search_term_string}"},"query-input":{"@type":"PropertyValueSpecification","valueRequired":true,"valueName":"search_term_string"}}],"inLanguage":"es"},{"@type":"Organization","@id":"https:\/\/trekmedics.org\/es\/#organization","name":"Trek Medics International","url":"https:\/\/trekmedics.org\/es\/","logo":{"@type":"ImageObject","inLanguage":"es","@id":"https:\/\/trekmedics.org\/es\/#\/schema\/logo\/image\/","url":"https:\/\/trekmedics.org\/wp-content\/uploads\/2021\/04\/cropped-cropped-trek-medics-520_logo.png","contentUrl":"https:\/\/trekmedics.org\/wp-content\/uploads\/2021\/04\/cropped-cropped-trek-medics-520_logo.png","width":520,"height":520,"caption":"Trek Medics International"},"image":{"@id":"https:\/\/trekmedics.org\/es\/#\/schema\/logo\/image\/"}},{"@type":"Person","@id":"https:\/\/trekmedics.org\/es\/#\/schema\/person\/f6e5e27a6ed153aed4a958213e41a1db","name":"jfriesen","image":{"@type":"ImageObject","inLanguage":"es","@id":"https:\/\/secure.gravatar.com\/avatar\/34201212dd85d95ffc0ad06e1e44ed35eadd3dd9aa218724e8fb9b6cb9f49041?s=96&d=mm&r=g","url":"https:\/\/secure.gravatar.com\/avatar\/34201212dd85d95ffc0ad06e1e44ed35eadd3dd9aa218724e8fb9b6cb9f49041?s=96&d=mm&r=g","contentUrl":"https:\/\/secure.gravatar.com\/avatar\/34201212dd85d95ffc0ad06e1e44ed35eadd3dd9aa218724e8fb9b6cb9f49041?s=96&d=mm&r=g","caption":"jfriesen"},"url":"https:\/\/trekmedics.org\/es\/author\/jfriesen\/"}]}},"tpgb_featured_images":{"full":["https:\/\/trekmedics.org\/wp-content\/uploads\/2018\/02\/ronand-5-preguntas-a-un-bombero_do_img-1.jpeg",1161,1161,false],"tp-image-grid":["https:\/\/trekmedics.org\/wp-content\/uploads\/2018\/02\/ronand-5-preguntas-a-un-bombero_do_img-1-700x700.jpeg",700,700,true],"thumbnail":["https:\/\/trekmedics.org\/wp-content\/uploads\/2018\/02\/ronand-5-preguntas-a-un-bombero_do_img-1-150x150.jpeg",150,150,true],"medium":["https:\/\/trekmedics.org\/wp-content\/uploads\/2018\/02\/ronand-5-preguntas-a-un-bombero_do_img-1-300x300.jpeg",300,300,true],"medium_large":["https:\/\/trekmedics.org\/wp-content\/uploads\/2018\/02\/ronand-5-preguntas-a-un-bombero_do_img-1-768x768.jpeg",768,768,true],"large":["https:\/\/trekmedics.org\/wp-content\/uploads\/2018\/02\/ronand-5-preguntas-a-un-bombero_do_img-1-1024x1024.jpeg",1024,1024,true],"default":"https:\/\/trekmedics.org\/wp-content\/plugins\/the-plus-addons-for-block-editor\/assets\/images\/tpgb-placeholder.jpg"},"tpgb_post_meta_info":{"get_date":"febrero 9, 2018","category_list":{"category":[{"term_id":116,"name":"Bomberos de Manzanillo","slug":"bomberos-de-manzanillo-es","term_group":0,"term_taxonomy_id":116,"taxonomy":"category","description":"","parent":117,"count":7,"filter":"raw"},{"term_id":184,"name":"Fuego","slug":"fuego","term_group":0,"term_taxonomy_id":184,"taxonomy":"category","description":"","parent":117,"count":5,"filter":"raw"},{"term_id":117,"name":"Perfiles de emergencia","slug":"perfiles-de-emergencia","term_group":0,"term_taxonomy_id":117,"taxonomy":"category","description":"","parent":0,"count":43,"filter":"raw"},{"term_id":115,"name":"Rep\u00fablica Dominicana","slug":"republica-dominicana","term_group":0,"term_taxonomy_id":115,"taxonomy":"category","description":"","parent":0,"count":25,"filter":"raw"}],"post_tag":false,"post_format":false},"author_name":"jfriesen","author_url":"https:\/\/trekmedics.org\/es\/author\/jfriesen\/","author_email":"jfriesen@trekmedics.org","author_website":"","author_description":"","author_facebook":"","author_twitter":"","author_instagram":"","author_role":["administrator"],"author_firstname":"J.","author_lastname":"Friesen","user_login":"jfriesen","author_avatar":"<img alt='' src='https:\/\/secure.gravatar.com\/avatar\/34201212dd85d95ffc0ad06e1e44ed35eadd3dd9aa218724e8fb9b6cb9f49041?s=200&#038;d=mm&#038;r=g' srcset='https:\/\/secure.gravatar.com\/avatar\/34201212dd85d95ffc0ad06e1e44ed35eadd3dd9aa218724e8fb9b6cb9f49041?s=400&#038;d=mm&#038;r=g 2x' class='avatar avatar-200 photo' height='200' width='200' decoding='async'\/>","author_avatar_url":"https:\/\/secure.gravatar.com\/avatar\/34201212dd85d95ffc0ad06e1e44ed35eadd3dd9aa218724e8fb9b6cb9f49041?s=96&d=mm&r=g","comment_count":0,"post_likes":0,"post_views":0},"tpgb_post_category":{"category":"<a href=\"https:\/\/trekmedics.org\/es\/category\/perfiles-de-emergencia\/bomberos-de-manzanillo-es\/\" alt=\"Bomberos de Manzanillo\" class=\"category-bomberos-de-manzanillo-es\">Bomberos de Manzanillo<\/a> <a href=\"https:\/\/trekmedics.org\/es\/category\/perfiles-de-emergencia\/fuego\/\" alt=\"Fuego\" class=\"category-fuego\">Fuego<\/a> <a href=\"https:\/\/trekmedics.org\/es\/category\/perfiles-de-emergencia\/\" alt=\"Perfiles de emergencia\" class=\"category-perfiles-de-emergencia\">Perfiles de emergencia<\/a> <a href=\"https:\/\/trekmedics.org\/es\/category\/republica-dominicana\/\" alt=\"Rep\u00fablica Dominicana\" class=\"category-republica-dominicana\">Rep\u00fablica Dominicana<\/a> "},"uagb_featured_image_src":{"full":["https:\/\/trekmedics.org\/wp-content\/uploads\/2018\/02\/ronand-5-preguntas-a-un-bombero_do_img-1.jpeg",1161,1161,false],"thumbnail":["https:\/\/trekmedics.org\/wp-content\/uploads\/2018\/02\/ronand-5-preguntas-a-un-bombero_do_img-1-150x150.jpeg",150,150,true],"medium":["https:\/\/trekmedics.org\/wp-content\/uploads\/2018\/02\/ronand-5-preguntas-a-un-bombero_do_img-1-300x300.jpeg",300,300,true],"medium_large":["https:\/\/trekmedics.org\/wp-content\/uploads\/2018\/02\/ronand-5-preguntas-a-un-bombero_do_img-1-768x768.jpeg",768,768,true],"large":["https:\/\/trekmedics.org\/wp-content\/uploads\/2018\/02\/ronand-5-preguntas-a-un-bombero_do_img-1-1024x1024.jpeg",1024,1024,true],"1536x1536":["https:\/\/trekmedics.org\/wp-content\/uploads\/2018\/02\/ronand-5-preguntas-a-un-bombero_do_img-1.jpeg",1161,1161,false],"2048x2048":["https:\/\/trekmedics.org\/wp-content\/uploads\/2018\/02\/ronand-5-preguntas-a-un-bombero_do_img-1.jpeg",1161,1161,false],"tp-image-grid":["https:\/\/trekmedics.org\/wp-content\/uploads\/2018\/02\/ronand-5-preguntas-a-un-bombero_do_img-1-700x700.jpeg",700,700,true]},"uagb_author_info":{"display_name":"jfriesen","author_link":"https:\/\/trekmedics.org\/es\/author\/jfriesen\/"},"uagb_comment_info":0,"uagb_excerpt":"Manzanillo, Rep\u00fablica Dominicana Ronand N\u00fa\u00f1ez Susana luce a simple vista como un joven m\u00e1s, pero no lo es, durante 2017 &hellip; 5 Preguntas a un Bombero de Manzanillo Leer m\u00e1s \u00bb","_links":{"self":[{"href":"https:\/\/trekmedics.org\/es\/wp-json\/wp\/v2\/posts\/41932","targetHints":{"allow":["GET"]}}],"collection":[{"href":"https:\/\/trekmedics.org\/es\/wp-json\/wp\/v2\/posts"}],"about":[{"href":"https:\/\/trekmedics.org\/es\/wp-json\/wp\/v2\/types\/post"}],"author":[{"embeddable":true,"href":"https:\/\/trekmedics.org\/es\/wp-json\/wp\/v2\/users\/3"}],"replies":[{"embeddable":true,"href":"https:\/\/trekmedics.org\/es\/wp-json\/wp\/v2\/comments?post=41932"}],"version-history":[{"count":0,"href":"https:\/\/trekmedics.org\/es\/wp-json\/wp\/v2\/posts\/41932\/revisions"}],"wp:featuredmedia":[{"embeddable":true,"href":"https:\/\/trekmedics.org\/es\/wp-json\/wp\/v2\/media\/40003"}],"wp:attachment":[{"href":"https:\/\/trekmedics.org\/es\/wp-json\/wp\/v2\/media?parent=41932"}],"wp:term":[{"taxonomy":"category","embeddable":true,"href":"https:\/\/trekmedics.org\/es\/wp-json\/wp\/v2\/categories?post=41932"},{"taxonomy":"post_tag","embeddable":true,"href":"https:\/\/trekmedics.org\/es\/wp-json\/wp\/v2\/tags?post=41932"}],"curies":[{"name":"wp","href":"https:\/\/api.w.org\/{rel}","templated":true}]}}